{"id":222,"__str__":"Presidente : Cris da Academia","link_detail_backend":"/comissao/participacao/222","metadata":{},"titular":true,"data_designacao":"2025-08-18","data_desligamento":"2025-09-29","motivo_desligamento":"Aprova\u00e7\u00e3o da mat\u00e9ria.","observacao":"","composicao":63,"parlamentar":52,"cargo":1}