{"id":671,"__str__":"Valmir Dall'Agnol (6\u00ba orador)","link_detail_backend":"/sessao/orador/671","metadata":{},"numero_ordem":6,"url_discurso":"","observacao":"Palavra cedida aos vereadores Frederico Freire Figueir\u00f3 e F\u00e1bio J\u00fanior Ramos","upload_anexo":null,"sessao_plenaria":209,"parlamentar":16}